{"id":5756,"date":"2018-08-25T13:43:16","date_gmt":"2018-08-25T13:43:16","guid":{"rendered":"https:\/\/www.kayakingcostabrava.com\/?p=5756"},"modified":"2019-03-11T14:26:03","modified_gmt":"2019-03-11T14:26:03","slug":"eveil-du-soleil-a-la-cova-den-gispert-25-08-18","status":"publish","type":"post","link":"https:\/\/kayakingcostabrava.com\/fr\/eveil-du-soleil-a-la-cova-den-gispert-25-08-18\/","title":{"rendered":"\u00c9veil du soleil \u00e0 la Cova d&rsquo;en Gispert, 25-08-18"},"content":{"rendered":"<p>Randonn\u00e9e guid\u00e9e<\/p>\n<p>Tamariu conna\u00eet un ph\u00e9nom\u00e8ne astronomique extraordinaire. La combinaison de la forme rectiligne de la <strong>Cova d&rsquo;en Gispert<\/strong> et de son orientation \u00e0 l&rsquo;Est a pour effet que, deux fois par an, le lever du soleil se produit dans un alignement parfait avec la grotte. Cela permet de contempler la beaut\u00e9 du fond de la grotte \u00e9clair\u00e9e par la lumi\u00e8re naturelle.<br \/>\nNous avons pr\u00e9vu cette sortie kayak de mer le Samedi 25 Ao\u00fbt.<\/p>\n<p><strong>HEURE DE D\u00c9PART: 05:30 H sur la Plage de Tamariu<\/strong><\/p>\n<p>Reservations: 972 77 38 06 o <a href=\"mailto:info@kayakingcostabrava.com\">info@kayakingcostabrava.com<\/a><\/p>\n","protected":false},"excerpt":{"rendered":"<p>Tamariu conna\u00eet un ph\u00e9nom\u00e8ne astronomique extraordinaire. La combinaison de la forme rectiligne de la Cova d&rsquo;en Gispert et de son orientation \u00e0 l&rsquo;Est a pour effet que, deux fois par an, le lever du soleil se produit dans un alignement parfait avec la grotte.<\/p>\n","protected":false},"author":3,"featured_media":1436,"comment_status":"open","ping_status":"closed","sticky":false,"template":"","format":"standard","meta":{"_et_pb_use_builder":"","_et_pb_old_content":"","_et_gb_content_width":"","inline_featured_image":false,"footnotes":""},"categories":[70],"tags":[],"class_list":["post-5756","post","type-post","status-publish","format-standard","has-post-thumbnail","hentry","category-actualites"],"yoast_head":"<!-- This site is optimized with the Yoast SEO plugin v27.1.1 - https:\/\/yoast.com\/product\/yoast-seo-wordpress\/ -->\n<title>\u00c9veil du soleil \u00e0 la Cova d&#039;en Gispert, 25-08-18 - Kayaking Costa Brava<\/title>\n<meta name=\"robots\" content=\"index, follow, max-snippet:-1, max-image-preview:large, max-video-preview:-1\" \/>\n<link rel=\"canonical\" href=\"https:\/\/kayakingcostabrava.com\/fr\/eveil-du-soleil-a-la-cova-den-gispert-25-08-18\/\" \/>\n<meta property=\"og:locale\" content=\"fr_FR\" \/>\n<meta property=\"og:type\" content=\"article\" \/>\n<meta property=\"og:title\" content=\"\u00c9veil du soleil \u00e0 la Cova d&#039;en Gispert, 25-08-18 - Kayaking Costa Brava\" \/>\n<meta property=\"og:description\" content=\"Tamariu conna\u00eet un ph\u00e9nom\u00e8ne astronomique extraordinaire. La combinaison de la forme rectiligne de la Cova d&#039;en Gispert et de son orientation \u00e0 l&#039;Est a pour effet que, deux fois par an, le lever du soleil se produit dans un alignement parfait avec la grotte.\" \/>\n<meta property=\"og:url\" content=\"https:\/\/kayakingcostabrava.com\/fr\/eveil-du-soleil-a-la-cova-den-gispert-25-08-18\/\" \/>\n<meta property=\"og:site_name\" content=\"Kayaking Costa Brava\" \/>\n<meta property=\"article:publisher\" content=\"https:\/\/www.facebook.com\/kayakingcostabrava\/\" \/>\n<meta property=\"article:published_time\" content=\"2018-08-25T13:43:16+00:00\" \/>\n<meta property=\"article:modified_time\" content=\"2019-03-11T14:26:03+00:00\" \/>\n<meta property=\"og:image\" content=\"https:\/\/kayakingcostabrava-b4f9.kxcdn.com\/wp-content\/uploads\/2016\/03\/titulo_sortida_sol_gispert.png\" \/>\n\t<meta property=\"og:image:width\" content=\"277\" \/>\n\t<meta property=\"og:image:height\" content=\"277\" \/>\n\t<meta property=\"og:image:type\" content=\"image\/png\" \/>\n<meta name=\"author\" content=\"Ideamatic\" \/>\n<meta name=\"twitter:card\" content=\"summary_large_image\" \/>\n<meta name=\"twitter:label1\" content=\"\u00c9crit par\" \/>\n\t<meta name=\"twitter:data1\" content=\"Ideamatic\" \/>\n<script type=\"application\/ld+json\" class=\"yoast-schema-graph\">{\"@context\":\"https:\/\/schema.org\",\"@graph\":[{\"@type\":\"Article\",\"@id\":\"https:\/\/kayakingcostabrava.com\/fr\/eveil-du-soleil-a-la-cova-den-gispert-25-08-18\/#article\",\"isPartOf\":{\"@id\":\"https:\/\/kayakingcostabrava.com\/fr\/eveil-du-soleil-a-la-cova-den-gispert-25-08-18\/\"},\"author\":{\"name\":\"Ideamatic\",\"@id\":\"https:\/\/kayakingcostabrava.com\/#\/schema\/person\/bc05e2d30c37ae1048a15ad47bcec8b1\"},\"headline\":\"\u00c9veil du soleil \u00e0 la Cova d&rsquo;en Gispert, 25-08-18\",\"datePublished\":\"2018-08-25T13:43:16+00:00\",\"dateModified\":\"2019-03-11T14:26:03+00:00\",\"mainEntityOfPage\":{\"@id\":\"https:\/\/kayakingcostabrava.com\/fr\/eveil-du-soleil-a-la-cova-den-gispert-25-08-18\/\"},\"wordCount\":108,\"commentCount\":0,\"image\":{\"@id\":\"https:\/\/kayakingcostabrava.com\/fr\/eveil-du-soleil-a-la-cova-den-gispert-25-08-18\/#primaryimage\"},\"thumbnailUrl\":\"https:\/\/kayakingcostabrava-b4f9.kxcdn.com\/wp-content\/uploads\/2016\/03\/titulo_sortida_sol_gispert.png\",\"articleSection\":[\"Actualit\u00e9s\"],\"inLanguage\":\"fr-FR\",\"potentialAction\":[{\"@type\":\"CommentAction\",\"name\":\"Comment\",\"target\":[\"https:\/\/kayakingcostabrava.com\/fr\/eveil-du-soleil-a-la-cova-den-gispert-25-08-18\/#respond\"]}]},{\"@type\":\"WebPage\",\"@id\":\"https:\/\/kayakingcostabrava.com\/fr\/eveil-du-soleil-a-la-cova-den-gispert-25-08-18\/\",\"url\":\"https:\/\/kayakingcostabrava.com\/fr\/eveil-du-soleil-a-la-cova-den-gispert-25-08-18\/\",\"name\":\"\u00c9veil du soleil \u00e0 la Cova d'en Gispert, 25-08-18 - Kayaking Costa Brava\",\"isPartOf\":{\"@id\":\"https:\/\/kayakingcostabrava.com\/#website\"},\"primaryImageOfPage\":{\"@id\":\"https:\/\/kayakingcostabrava.com\/fr\/eveil-du-soleil-a-la-cova-den-gispert-25-08-18\/#primaryimage\"},\"image\":{\"@id\":\"https:\/\/kayakingcostabrava.com\/fr\/eveil-du-soleil-a-la-cova-den-gispert-25-08-18\/#primaryimage\"},\"thumbnailUrl\":\"https:\/\/kayakingcostabrava-b4f9.kxcdn.com\/wp-content\/uploads\/2016\/03\/titulo_sortida_sol_gispert.png\",\"datePublished\":\"2018-08-25T13:43:16+00:00\",\"dateModified\":\"2019-03-11T14:26:03+00:00\",\"author\":{\"@id\":\"https:\/\/kayakingcostabrava.com\/#\/schema\/person\/bc05e2d30c37ae1048a15ad47bcec8b1\"},\"breadcrumb\":{\"@id\":\"https:\/\/kayakingcostabrava.com\/fr\/eveil-du-soleil-a-la-cova-den-gispert-25-08-18\/#breadcrumb\"},\"inLanguage\":\"fr-FR\",\"potentialAction\":[{\"@type\":\"ReadAction\",\"target\":[\"https:\/\/kayakingcostabrava.com\/fr\/eveil-du-soleil-a-la-cova-den-gispert-25-08-18\/\"]}]},{\"@type\":\"ImageObject\",\"inLanguage\":\"fr-FR\",\"@id\":\"https:\/\/kayakingcostabrava.com\/fr\/eveil-du-soleil-a-la-cova-den-gispert-25-08-18\/#primaryimage\",\"url\":\"https:\/\/kayakingcostabrava-b4f9.kxcdn.com\/wp-content\/uploads\/2016\/03\/titulo_sortida_sol_gispert.png\",\"contentUrl\":\"https:\/\/kayakingcostabrava-b4f9.kxcdn.com\/wp-content\/uploads\/2016\/03\/titulo_sortida_sol_gispert.png\",\"width\":277,\"height\":277},{\"@type\":\"BreadcrumbList\",\"@id\":\"https:\/\/kayakingcostabrava.com\/fr\/eveil-du-soleil-a-la-cova-den-gispert-25-08-18\/#breadcrumb\",\"itemListElement\":[{\"@type\":\"ListItem\",\"position\":1,\"name\":\"Inici\",\"item\":\"https:\/\/kayakingcostabrava.com\/fr\/\"},{\"@type\":\"ListItem\",\"position\":2,\"name\":\"\u00c9veil du soleil \u00e0 la Cova d&rsquo;en Gispert, 25-08-18\"}]},{\"@type\":\"WebSite\",\"@id\":\"https:\/\/kayakingcostabrava.com\/#website\",\"url\":\"https:\/\/kayakingcostabrava.com\/\",\"name\":\"Kayaking Costa Brava\",\"description\":\"Lloguer de caiacs, excursions, cursos, tenda online.\",\"potentialAction\":[{\"@type\":\"SearchAction\",\"target\":{\"@type\":\"EntryPoint\",\"urlTemplate\":\"https:\/\/kayakingcostabrava.com\/?s={search_term_string}\"},\"query-input\":{\"@type\":\"PropertyValueSpecification\",\"valueRequired\":true,\"valueName\":\"search_term_string\"}}],\"inLanguage\":\"fr-FR\"},{\"@type\":\"Person\",\"@id\":\"https:\/\/kayakingcostabrava.com\/#\/schema\/person\/bc05e2d30c37ae1048a15ad47bcec8b1\",\"name\":\"Ideamatic\",\"image\":{\"@type\":\"ImageObject\",\"inLanguage\":\"fr-FR\",\"@id\":\"https:\/\/kayakingcostabrava.com\/#\/schema\/person\/image\/\",\"url\":\"https:\/\/secure.gravatar.com\/avatar\/7e835a17a61dbdd6713e8cf526f94a00ba037a38cc5feeaed8e3134c421d3536?s=96&d=mm&r=g\",\"contentUrl\":\"https:\/\/secure.gravatar.com\/avatar\/7e835a17a61dbdd6713e8cf526f94a00ba037a38cc5feeaed8e3134c421d3536?s=96&d=mm&r=g\",\"caption\":\"Ideamatic\"},\"url\":\"https:\/\/kayakingcostabrava.com\/fr\/author\/ideamatic\/\"}]}<\/script>\n<!-- \/ Yoast SEO plugin. -->","yoast_head_json":{"title":"\u00c9veil du soleil \u00e0 la Cova d'en Gispert, 25-08-18 - Kayaking Costa Brava","robots":{"index":"index","follow":"follow","max-snippet":"max-snippet:-1","max-image-preview":"max-image-preview:large","max-video-preview":"max-video-preview:-1"},"canonical":"https:\/\/kayakingcostabrava.com\/fr\/eveil-du-soleil-a-la-cova-den-gispert-25-08-18\/","og_locale":"fr_FR","og_type":"article","og_title":"\u00c9veil du soleil \u00e0 la Cova d'en Gispert, 25-08-18 - Kayaking Costa Brava","og_description":"Tamariu conna\u00eet un ph\u00e9nom\u00e8ne astronomique extraordinaire. La combinaison de la forme rectiligne de la Cova d'en Gispert et de son orientation \u00e0 l'Est a pour effet que, deux fois par an, le lever du soleil se produit dans un alignement parfait avec la grotte.","og_url":"https:\/\/kayakingcostabrava.com\/fr\/eveil-du-soleil-a-la-cova-den-gispert-25-08-18\/","og_site_name":"Kayaking Costa Brava","article_publisher":"https:\/\/www.facebook.com\/kayakingcostabrava\/","article_published_time":"2018-08-25T13:43:16+00:00","article_modified_time":"2019-03-11T14:26:03+00:00","og_image":[{"width":277,"height":277,"url":"https:\/\/kayakingcostabrava-b4f9.kxcdn.com\/wp-content\/uploads\/2016\/03\/titulo_sortida_sol_gispert.png","type":"image\/png"}],"author":"Ideamatic","twitter_card":"summary_large_image","twitter_misc":{"\u00c9crit par":"Ideamatic"},"schema":{"@context":"https:\/\/schema.org","@graph":[{"@type":"Article","@id":"https:\/\/kayakingcostabrava.com\/fr\/eveil-du-soleil-a-la-cova-den-gispert-25-08-18\/#article","isPartOf":{"@id":"https:\/\/kayakingcostabrava.com\/fr\/eveil-du-soleil-a-la-cova-den-gispert-25-08-18\/"},"author":{"name":"Ideamatic","@id":"https:\/\/kayakingcostabrava.com\/#\/schema\/person\/bc05e2d30c37ae1048a15ad47bcec8b1"},"headline":"\u00c9veil du soleil \u00e0 la Cova d&rsquo;en Gispert, 25-08-18","datePublished":"2018-08-25T13:43:16+00:00","dateModified":"2019-03-11T14:26:03+00:00","mainEntityOfPage":{"@id":"https:\/\/kayakingcostabrava.com\/fr\/eveil-du-soleil-a-la-cova-den-gispert-25-08-18\/"},"wordCount":108,"commentCount":0,"image":{"@id":"https:\/\/kayakingcostabrava.com\/fr\/eveil-du-soleil-a-la-cova-den-gispert-25-08-18\/#primaryimage"},"thumbnailUrl":"https:\/\/kayakingcostabrava-b4f9.kxcdn.com\/wp-content\/uploads\/2016\/03\/titulo_sortida_sol_gispert.png","articleSection":["Actualit\u00e9s"],"inLanguage":"fr-FR","potentialAction":[{"@type":"CommentAction","name":"Comment","target":["https:\/\/kayakingcostabrava.com\/fr\/eveil-du-soleil-a-la-cova-den-gispert-25-08-18\/#respond"]}]},{"@type":"WebPage","@id":"https:\/\/kayakingcostabrava.com\/fr\/eveil-du-soleil-a-la-cova-den-gispert-25-08-18\/","url":"https:\/\/kayakingcostabrava.com\/fr\/eveil-du-soleil-a-la-cova-den-gispert-25-08-18\/","name":"\u00c9veil du soleil \u00e0 la Cova d'en Gispert, 25-08-18 - Kayaking Costa Brava","isPartOf":{"@id":"https:\/\/kayakingcostabrava.com\/#website"},"primaryImageOfPage":{"@id":"https:\/\/kayakingcostabrava.com\/fr\/eveil-du-soleil-a-la-cova-den-gispert-25-08-18\/#primaryimage"},"image":{"@id":"https:\/\/kayakingcostabrava.com\/fr\/eveil-du-soleil-a-la-cova-den-gispert-25-08-18\/#primaryimage"},"thumbnailUrl":"https:\/\/kayakingcostabrava-b4f9.kxcdn.com\/wp-content\/uploads\/2016\/03\/titulo_sortida_sol_gispert.png","datePublished":"2018-08-25T13:43:16+00:00","dateModified":"2019-03-11T14:26:03+00:00","author":{"@id":"https:\/\/kayakingcostabrava.com\/#\/schema\/person\/bc05e2d30c37ae1048a15ad47bcec8b1"},"breadcrumb":{"@id":"https:\/\/kayakingcostabrava.com\/fr\/eveil-du-soleil-a-la-cova-den-gispert-25-08-18\/#breadcrumb"},"inLanguage":"fr-FR","potentialAction":[{"@type":"ReadAction","target":["https:\/\/kayakingcostabrava.com\/fr\/eveil-du-soleil-a-la-cova-den-gispert-25-08-18\/"]}]},{"@type":"ImageObject","inLanguage":"fr-FR","@id":"https:\/\/kayakingcostabrava.com\/fr\/eveil-du-soleil-a-la-cova-den-gispert-25-08-18\/#primaryimage","url":"https:\/\/kayakingcostabrava-b4f9.kxcdn.com\/wp-content\/uploads\/2016\/03\/titulo_sortida_sol_gispert.png","contentUrl":"https:\/\/kayakingcostabrava-b4f9.kxcdn.com\/wp-content\/uploads\/2016\/03\/titulo_sortida_sol_gispert.png","width":277,"height":277},{"@type":"BreadcrumbList","@id":"https:\/\/kayakingcostabrava.com\/fr\/eveil-du-soleil-a-la-cova-den-gispert-25-08-18\/#breadcrumb","itemListElement":[{"@type":"ListItem","position":1,"name":"Inici","item":"https:\/\/kayakingcostabrava.com\/fr\/"},{"@type":"ListItem","position":2,"name":"\u00c9veil du soleil \u00e0 la Cova d&rsquo;en Gispert, 25-08-18"}]},{"@type":"WebSite","@id":"https:\/\/kayakingcostabrava.com\/#website","url":"https:\/\/kayakingcostabrava.com\/","name":"Kayaking Costa Brava","description":"Lloguer de caiacs, excursions, cursos, tenda online.","potentialAction":[{"@type":"SearchAction","target":{"@type":"EntryPoint","urlTemplate":"https:\/\/kayakingcostabrava.com\/?s={search_term_string}"},"query-input":{"@type":"PropertyValueSpecification","valueRequired":true,"valueName":"search_term_string"}}],"inLanguage":"fr-FR"},{"@type":"Person","@id":"https:\/\/kayakingcostabrava.com\/#\/schema\/person\/bc05e2d30c37ae1048a15ad47bcec8b1","name":"Ideamatic","image":{"@type":"ImageObject","inLanguage":"fr-FR","@id":"https:\/\/kayakingcostabrava.com\/#\/schema\/person\/image\/","url":"https:\/\/secure.gravatar.com\/avatar\/7e835a17a61dbdd6713e8cf526f94a00ba037a38cc5feeaed8e3134c421d3536?s=96&d=mm&r=g","contentUrl":"https:\/\/secure.gravatar.com\/avatar\/7e835a17a61dbdd6713e8cf526f94a00ba037a38cc5feeaed8e3134c421d3536?s=96&d=mm&r=g","caption":"Ideamatic"},"url":"https:\/\/kayakingcostabrava.com\/fr\/author\/ideamatic\/"}]}},"_links":{"self":[{"href":"https:\/\/kayakingcostabrava.com\/fr\/wp-json\/wp\/v2\/posts\/5756","targetHints":{"allow":["GET"]}}],"collection":[{"href":"https:\/\/kayakingcostabrava.com\/fr\/wp-json\/wp\/v2\/posts"}],"about":[{"href":"https:\/\/kayakingcostabrava.com\/fr\/wp-json\/wp\/v2\/types\/post"}],"author":[{"embeddable":true,"href":"https:\/\/kayakingcostabrava.com\/fr\/wp-json\/wp\/v2\/users\/3"}],"replies":[{"embeddable":true,"href":"https:\/\/kayakingcostabrava.com\/fr\/wp-json\/wp\/v2\/comments?post=5756"}],"version-history":[{"count":0,"href":"https:\/\/kayakingcostabrava.com\/fr\/wp-json\/wp\/v2\/posts\/5756\/revisions"}],"wp:featuredmedia":[{"embeddable":true,"href":"https:\/\/kayakingcostabrava.com\/fr\/wp-json\/wp\/v2\/media\/1436"}],"wp:attachment":[{"href":"https:\/\/kayakingcostabrava.com\/fr\/wp-json\/wp\/v2\/media?parent=5756"}],"wp:term":[{"taxonomy":"category","embeddable":true,"href":"https:\/\/kayakingcostabrava.com\/fr\/wp-json\/wp\/v2\/categories?post=5756"},{"taxonomy":"post_tag","embeddable":true,"href":"https:\/\/kayakingcostabrava.com\/fr\/wp-json\/wp\/v2\/tags?post=5756"}],"curies":[{"name":"wp","href":"https:\/\/api.w.org\/{rel}","templated":true}]}}