{"id":10948,"date":"2025-02-13T09:55:58","date_gmt":"2025-02-13T09:55:58","guid":{"rendered":"https:\/\/kayakingcostabrava.com\/engagement-envers-la-durabilite-chez-kayaking-costa-brava\/"},"modified":"2025-02-13T10:11:57","modified_gmt":"2025-02-13T10:11:57","slug":"engagement-envers-la-durabilite-chez-kayaking-costa-brava","status":"publish","type":"post","link":"https:\/\/kayakingcostabrava.com\/fr\/engagement-envers-la-durabilite-chez-kayaking-costa-brava\/","title":{"rendered":"Engagement envers la Durabilit\u00e9 chez Kayaking Costa Brava"},"content":{"rendered":"<p><strong>Chez <a href=\"https:\/\/kayakingcostabrava.com\/\">Kayaking Costa Brava<\/a> nous sommes pleinement conscients de l&rsquo;importance de pr\u00e9server l&rsquo;environnement naturel des plages et des activit\u00e9s que nous y d\u00e9veloppons. Dans cet objectif, nous nous engageons \u00e0 agir de mani\u00e8re respectueuse envers l&rsquo;environnement, qui est le v\u00e9ritable protagoniste de notre activit\u00e9.<\/strong><\/p>\n<h6 data-start=\"381\" data-end=\"437\"><strong><br \/>\nStrat\u00e9gies pour Minimiser l&rsquo;Impact Environnemental<\/strong><\/h6>\n<div class=\"flex max-w-full flex-col flex-grow\">\n<div class=\"min-h-8 text-message flex w-full flex-col items-end gap-2 whitespace-normal break-words text-start [.text-message+&amp;]:mt-5\" dir=\"auto\" data-message-author-role=\"assistant\" data-message-id=\"1306e5b6-6573-4ade-a9ac-0857372a05df\" data-message-model-slug=\"gpt-4o\">\n<div class=\"flex w-full flex-col gap-1 empty:hidden first:pt-[3px]\">\n<div class=\"markdown prose w-full break-words dark:prose-invert light\">\n<p data-start=\"439\" data-end=\"511\">Pour y parvenir, nous avons mis en place un plan d\u2019action comprenant :<\/p>\n<ol data-start=\"513\" data-end=\"1337\">\n<li data-start=\"513\" data-end=\"714\"><strong data-start=\"515\" data-end=\"576\">Identification et \u00c9valuation des Impacts Environnementaux<\/strong> : Nous analysons toutes nos activit\u00e9s afin de d\u00e9terminer les impacts environnementaux potentiels et d&rsquo;\u00e9tablir des mesures correctrices.<\/li>\n<li data-start=\"715\" data-end=\"1036\"><strong data-start=\"717\" data-end=\"757\">Mesures de Respect et d\u2019Am\u00e9lioration<\/strong> : Nous travaillons constamment \u00e0 la mise en \u0153uvre de mesures visant \u00e0 r\u00e9duire la pollution et \u00e0 am\u00e9liorer notre interaction avec l\u2019environnement naturel. Ces actions sont bas\u00e9es sur les possibilit\u00e9s r\u00e9elles de notre organisation et sur les aspects environnementaux identifi\u00e9s.<\/li>\n<li data-start=\"1037\" data-end=\"1337\"><strong data-start=\"1039\" data-end=\"1083\">Promotion d\u2019une Culture Environnementale<\/strong> : Nous sensibilisons notre personnel et nos utilisateurs \u00e0 l&rsquo;importance de la protection de l\u2019environnement. Cela passe par l\u2019information, la formation et des activit\u00e9s de sensibilisation mettant en avant la n\u00e9cessit\u00e9 de pr\u00e9server notre cadre naturel.<\/li>\n<\/ol>\n<h6 data-start=\"1339\" data-end=\"1377\"><strong>Certifications Environnementales<\/strong><\/h6>\n<p data-start=\"1379\" data-end=\"1715\">Afin de garantir le respect de nos engagements, nous avons obtenu des certifications environnementales et de qualit\u00e9 reconnues, telles que l&rsquo;<strong>ISO<\/strong>, la Charte Europ\u00e9enne du Tourisme Durable (<strong>CETS<\/strong>) et le <strong>SICTED<\/strong>. Ces labels valident non seulement notre travail, mais nous aident \u00e9galement \u00e0 mettre en place un plan d\u2019am\u00e9lioration continue.<\/p>\n<h6 data-start=\"1717\" data-end=\"1751\"><strong>Objectif pour la Saison 2025<\/strong><\/h6>\n<p data-start=\"1753\" data-end=\"1999\">Dans cette optique, nous souhaitons obtenir le nouveau <strong data-start=\"1808\" data-end=\"1857\">Label de Garantie de Qualit\u00e9 Environnementale<\/strong> pour la saison 2025. Cela refl\u00e8te notre engagement \u00e0 assurer un avenir durable pour nos activit\u00e9s et pour l\u2019environnement qui nous entoure.<\/p>\n<p data-start=\"2001\" data-end=\"2196\" data-is-last-node=\"\">Chez <a href=\"https:\/\/kayakingcostabrava.com\/\">Kayaking Costa Brava,<\/a> <strong data-start=\"2028\" data-end=\"2059\">chaque petite action compte<\/strong>. Nous sommes d\u00e9termin\u00e9s \u00e0 prot\u00e9ger et \u00e0 pr\u00e9server notre littoral, tout en valorisant sa beaut\u00e9 et sa sant\u00e9 pour les g\u00e9n\u00e9rations futures.<\/p>\n<\/div>\n<\/div>\n<\/div>\n<\/div>\n","protected":false},"excerpt":{"rendered":"<p>Chez Kayaking Costa Brava nous sommes pleinement conscients de l&rsquo;importance de pr\u00e9server l&rsquo;environnement naturel des plages et des activit\u00e9s que nous y d\u00e9veloppons. Dans cet objectif, nous nous engageons \u00e0 agir de mani\u00e8re respectueuse envers l&rsquo;environnement, qui est le v\u00e9ritable protagoniste de notre activit\u00e9.<\/p>\n","protected":false},"author":2,"featured_media":1767,"comment_status":"open","ping_status":"closed","sticky":false,"template":"","format":"standard","meta":{"_et_pb_use_builder":"","_et_pb_old_content":"","_et_gb_content_width":"","inline_featured_image":false,"footnotes":""},"categories":[70],"tags":[1000,1181,1180,1182,111,1179,538],"class_list":["post-10948","post","type-post","status-publish","format-standard","has-post-thumbnail","hentry","category-actualites","tag-cets-fr","tag-engagement-envers-la-durabilite","tag-engagement-envers-la-durabilite-chez-kayaking-costa-brava","tag-iso-fr","tag-kayaking-costa-brava-fr","tag-label-de-garantie-de-qualite-environnementale","tag-sicted-fr"],"yoast_head":"<!-- This site is optimized with the Yoast SEO plugin v27.1.1 - https:\/\/yoast.com\/product\/yoast-seo-wordpress\/ -->\n<title>Engagement envers la Durabilit\u00e9 chez Kayaking Costa Brava - Kayaking Costa Brava<\/title>\n<meta name=\"robots\" content=\"index, follow, max-snippet:-1, max-image-preview:large, max-video-preview:-1\" \/>\n<link rel=\"canonical\" href=\"https:\/\/kayakingcostabrava.com\/fr\/engagement-envers-la-durabilite-chez-kayaking-costa-brava\/\" \/>\n<meta property=\"og:locale\" content=\"fr_FR\" \/>\n<meta property=\"og:type\" content=\"article\" \/>\n<meta property=\"og:title\" content=\"Engagement envers la Durabilit\u00e9 chez Kayaking Costa Brava - Kayaking Costa Brava\" \/>\n<meta property=\"og:description\" content=\"Chez Kayaking Costa Brava nous sommes pleinement conscients de l&#039;importance de pr\u00e9server l&#039;environnement naturel des plages et des activit\u00e9s que nous y d\u00e9veloppons. Dans cet objectif, nous nous engageons \u00e0 agir de mani\u00e8re respectueuse envers l&#039;environnement, qui est le v\u00e9ritable protagoniste de notre activit\u00e9.\" \/>\n<meta property=\"og:url\" content=\"https:\/\/kayakingcostabrava.com\/fr\/engagement-envers-la-durabilite-chez-kayaking-costa-brava\/\" \/>\n<meta property=\"og:site_name\" content=\"Kayaking Costa Brava\" \/>\n<meta property=\"article:publisher\" content=\"https:\/\/www.facebook.com\/kayakingcostabrava\/\" \/>\n<meta property=\"article:published_time\" content=\"2025-02-13T09:55:58+00:00\" \/>\n<meta property=\"article:modified_time\" content=\"2025-02-13T10:11:57+00:00\" \/>\n<meta property=\"og:image\" content=\"https:\/\/kayakingcostabrava-b4f9.kxcdn.com\/wp-content\/uploads\/2016\/04\/galeria_caiac_neteja_03.jpg\" \/>\n\t<meta property=\"og:image:width\" content=\"800\" \/>\n\t<meta property=\"og:image:height\" content=\"500\" \/>\n\t<meta property=\"og:image:type\" content=\"image\/jpeg\" \/>\n<meta name=\"author\" content=\"Kayaking Costa Brava\" \/>\n<meta name=\"twitter:card\" content=\"summary_large_image\" \/>\n<meta name=\"twitter:label1\" content=\"\u00c9crit par\" \/>\n\t<meta name=\"twitter:data1\" content=\"Kayaking Costa Brava\" \/>\n\t<meta name=\"twitter:label2\" content=\"Dur\u00e9e de lecture estim\u00e9e\" \/>\n\t<meta name=\"twitter:data2\" content=\"2 minutes\" \/>\n<script type=\"application\/ld+json\" class=\"yoast-schema-graph\">{\"@context\":\"https:\/\/schema.org\",\"@graph\":[{\"@type\":\"Article\",\"@id\":\"https:\/\/kayakingcostabrava.com\/fr\/engagement-envers-la-durabilite-chez-kayaking-costa-brava\/#article\",\"isPartOf\":{\"@id\":\"https:\/\/kayakingcostabrava.com\/fr\/engagement-envers-la-durabilite-chez-kayaking-costa-brava\/\"},\"author\":{\"name\":\"Kayaking Costa Brava\",\"@id\":\"https:\/\/kayakingcostabrava.com\/#\/schema\/person\/43e236f0fcf071f3ffd27660a31c57dd\"},\"headline\":\"Engagement envers la Durabilit\u00e9 chez Kayaking Costa Brava\",\"datePublished\":\"2025-02-13T09:55:58+00:00\",\"dateModified\":\"2025-02-13T10:11:57+00:00\",\"mainEntityOfPage\":{\"@id\":\"https:\/\/kayakingcostabrava.com\/fr\/engagement-envers-la-durabilite-chez-kayaking-costa-brava\/\"},\"wordCount\":331,\"commentCount\":0,\"image\":{\"@id\":\"https:\/\/kayakingcostabrava.com\/fr\/engagement-envers-la-durabilite-chez-kayaking-costa-brava\/#primaryimage\"},\"thumbnailUrl\":\"https:\/\/kayakingcostabrava-b4f9.kxcdn.com\/wp-content\/uploads\/2016\/04\/galeria_caiac_neteja_03.jpg\",\"keywords\":[\"CETS\",\"Engagement envers la Durabilit\u00e9\",\"Engagement envers la Durabilit\u00e9 chez Kayaking Costa Brava\",\"ISO\",\"Kayaking Costa Brava\",\"Label de Garantie de Qualit\u00e9 Environnementale\",\"SICTED\"],\"articleSection\":[\"Actualit\u00e9s\"],\"inLanguage\":\"fr-FR\",\"potentialAction\":[{\"@type\":\"CommentAction\",\"name\":\"Comment\",\"target\":[\"https:\/\/kayakingcostabrava.com\/fr\/engagement-envers-la-durabilite-chez-kayaking-costa-brava\/#respond\"]}]},{\"@type\":\"WebPage\",\"@id\":\"https:\/\/kayakingcostabrava.com\/fr\/engagement-envers-la-durabilite-chez-kayaking-costa-brava\/\",\"url\":\"https:\/\/kayakingcostabrava.com\/fr\/engagement-envers-la-durabilite-chez-kayaking-costa-brava\/\",\"name\":\"Engagement envers la Durabilit\u00e9 chez Kayaking Costa Brava - Kayaking Costa Brava\",\"isPartOf\":{\"@id\":\"https:\/\/kayakingcostabrava.com\/#website\"},\"primaryImageOfPage\":{\"@id\":\"https:\/\/kayakingcostabrava.com\/fr\/engagement-envers-la-durabilite-chez-kayaking-costa-brava\/#primaryimage\"},\"image\":{\"@id\":\"https:\/\/kayakingcostabrava.com\/fr\/engagement-envers-la-durabilite-chez-kayaking-costa-brava\/#primaryimage\"},\"thumbnailUrl\":\"https:\/\/kayakingcostabrava-b4f9.kxcdn.com\/wp-content\/uploads\/2016\/04\/galeria_caiac_neteja_03.jpg\",\"datePublished\":\"2025-02-13T09:55:58+00:00\",\"dateModified\":\"2025-02-13T10:11:57+00:00\",\"author\":{\"@id\":\"https:\/\/kayakingcostabrava.com\/#\/schema\/person\/43e236f0fcf071f3ffd27660a31c57dd\"},\"breadcrumb\":{\"@id\":\"https:\/\/kayakingcostabrava.com\/fr\/engagement-envers-la-durabilite-chez-kayaking-costa-brava\/#breadcrumb\"},\"inLanguage\":\"fr-FR\",\"potentialAction\":[{\"@type\":\"ReadAction\",\"target\":[\"https:\/\/kayakingcostabrava.com\/fr\/engagement-envers-la-durabilite-chez-kayaking-costa-brava\/\"]}]},{\"@type\":\"ImageObject\",\"inLanguage\":\"fr-FR\",\"@id\":\"https:\/\/kayakingcostabrava.com\/fr\/engagement-envers-la-durabilite-chez-kayaking-costa-brava\/#primaryimage\",\"url\":\"https:\/\/kayakingcostabrava-b4f9.kxcdn.com\/wp-content\/uploads\/2016\/04\/galeria_caiac_neteja_03.jpg\",\"contentUrl\":\"https:\/\/kayakingcostabrava-b4f9.kxcdn.com\/wp-content\/uploads\/2016\/04\/galeria_caiac_neteja_03.jpg\",\"width\":800,\"height\":500},{\"@type\":\"BreadcrumbList\",\"@id\":\"https:\/\/kayakingcostabrava.com\/fr\/engagement-envers-la-durabilite-chez-kayaking-costa-brava\/#breadcrumb\",\"itemListElement\":[{\"@type\":\"ListItem\",\"position\":1,\"name\":\"Inici\",\"item\":\"https:\/\/kayakingcostabrava.com\/fr\/\"},{\"@type\":\"ListItem\",\"position\":2,\"name\":\"Engagement envers la Durabilit\u00e9 chez Kayaking Costa Brava\"}]},{\"@type\":\"WebSite\",\"@id\":\"https:\/\/kayakingcostabrava.com\/#website\",\"url\":\"https:\/\/kayakingcostabrava.com\/\",\"name\":\"Kayaking Costa Brava\",\"description\":\"Lloguer de caiacs, excursions, cursos, tenda online.\",\"potentialAction\":[{\"@type\":\"SearchAction\",\"target\":{\"@type\":\"EntryPoint\",\"urlTemplate\":\"https:\/\/kayakingcostabrava.com\/?s={search_term_string}\"},\"query-input\":{\"@type\":\"PropertyValueSpecification\",\"valueRequired\":true,\"valueName\":\"search_term_string\"}}],\"inLanguage\":\"fr-FR\"},{\"@type\":\"Person\",\"@id\":\"https:\/\/kayakingcostabrava.com\/#\/schema\/person\/43e236f0fcf071f3ffd27660a31c57dd\",\"name\":\"Kayaking Costa Brava\",\"image\":{\"@type\":\"ImageObject\",\"inLanguage\":\"fr-FR\",\"@id\":\"https:\/\/kayakingcostabrava.com\/#\/schema\/person\/image\/\",\"url\":\"https:\/\/secure.gravatar.com\/avatar\/c8ca853c0cdac549408e9cbe2e6bc97b4ef986b092dce9e503cce60dacfbedbb?s=96&d=mm&r=g\",\"contentUrl\":\"https:\/\/secure.gravatar.com\/avatar\/c8ca853c0cdac549408e9cbe2e6bc97b4ef986b092dce9e503cce60dacfbedbb?s=96&d=mm&r=g\",\"caption\":\"Kayaking Costa Brava\"},\"sameAs\":[\"https:\/\/www.kayakingcostabrava.com\"],\"url\":\"https:\/\/kayakingcostabrava.com\/fr\/author\/kayaking\/\"}]}<\/script>\n<!-- \/ Yoast SEO plugin. -->","yoast_head_json":{"title":"Engagement envers la Durabilit\u00e9 chez Kayaking Costa Brava - Kayaking Costa Brava","robots":{"index":"index","follow":"follow","max-snippet":"max-snippet:-1","max-image-preview":"max-image-preview:large","max-video-preview":"max-video-preview:-1"},"canonical":"https:\/\/kayakingcostabrava.com\/fr\/engagement-envers-la-durabilite-chez-kayaking-costa-brava\/","og_locale":"fr_FR","og_type":"article","og_title":"Engagement envers la Durabilit\u00e9 chez Kayaking Costa Brava - Kayaking Costa Brava","og_description":"Chez Kayaking Costa Brava nous sommes pleinement conscients de l'importance de pr\u00e9server l'environnement naturel des plages et des activit\u00e9s que nous y d\u00e9veloppons. Dans cet objectif, nous nous engageons \u00e0 agir de mani\u00e8re respectueuse envers l'environnement, qui est le v\u00e9ritable protagoniste de notre activit\u00e9.","og_url":"https:\/\/kayakingcostabrava.com\/fr\/engagement-envers-la-durabilite-chez-kayaking-costa-brava\/","og_site_name":"Kayaking Costa Brava","article_publisher":"https:\/\/www.facebook.com\/kayakingcostabrava\/","article_published_time":"2025-02-13T09:55:58+00:00","article_modified_time":"2025-02-13T10:11:57+00:00","og_image":[{"width":800,"height":500,"url":"https:\/\/kayakingcostabrava-b4f9.kxcdn.com\/wp-content\/uploads\/2016\/04\/galeria_caiac_neteja_03.jpg","type":"image\/jpeg"}],"author":"Kayaking Costa Brava","twitter_card":"summary_large_image","twitter_misc":{"\u00c9crit par":"Kayaking Costa Brava","Dur\u00e9e de lecture estim\u00e9e":"2 minutes"},"schema":{"@context":"https:\/\/schema.org","@graph":[{"@type":"Article","@id":"https:\/\/kayakingcostabrava.com\/fr\/engagement-envers-la-durabilite-chez-kayaking-costa-brava\/#article","isPartOf":{"@id":"https:\/\/kayakingcostabrava.com\/fr\/engagement-envers-la-durabilite-chez-kayaking-costa-brava\/"},"author":{"name":"Kayaking Costa Brava","@id":"https:\/\/kayakingcostabrava.com\/#\/schema\/person\/43e236f0fcf071f3ffd27660a31c57dd"},"headline":"Engagement envers la Durabilit\u00e9 chez Kayaking Costa Brava","datePublished":"2025-02-13T09:55:58+00:00","dateModified":"2025-02-13T10:11:57+00:00","mainEntityOfPage":{"@id":"https:\/\/kayakingcostabrava.com\/fr\/engagement-envers-la-durabilite-chez-kayaking-costa-brava\/"},"wordCount":331,"commentCount":0,"image":{"@id":"https:\/\/kayakingcostabrava.com\/fr\/engagement-envers-la-durabilite-chez-kayaking-costa-brava\/#primaryimage"},"thumbnailUrl":"https:\/\/kayakingcostabrava-b4f9.kxcdn.com\/wp-content\/uploads\/2016\/04\/galeria_caiac_neteja_03.jpg","keywords":["CETS","Engagement envers la Durabilit\u00e9","Engagement envers la Durabilit\u00e9 chez Kayaking Costa Brava","ISO","Kayaking Costa Brava","Label de Garantie de Qualit\u00e9 Environnementale","SICTED"],"articleSection":["Actualit\u00e9s"],"inLanguage":"fr-FR","potentialAction":[{"@type":"CommentAction","name":"Comment","target":["https:\/\/kayakingcostabrava.com\/fr\/engagement-envers-la-durabilite-chez-kayaking-costa-brava\/#respond"]}]},{"@type":"WebPage","@id":"https:\/\/kayakingcostabrava.com\/fr\/engagement-envers-la-durabilite-chez-kayaking-costa-brava\/","url":"https:\/\/kayakingcostabrava.com\/fr\/engagement-envers-la-durabilite-chez-kayaking-costa-brava\/","name":"Engagement envers la Durabilit\u00e9 chez Kayaking Costa Brava - Kayaking Costa Brava","isPartOf":{"@id":"https:\/\/kayakingcostabrava.com\/#website"},"primaryImageOfPage":{"@id":"https:\/\/kayakingcostabrava.com\/fr\/engagement-envers-la-durabilite-chez-kayaking-costa-brava\/#primaryimage"},"image":{"@id":"https:\/\/kayakingcostabrava.com\/fr\/engagement-envers-la-durabilite-chez-kayaking-costa-brava\/#primaryimage"},"thumbnailUrl":"https:\/\/kayakingcostabrava-b4f9.kxcdn.com\/wp-content\/uploads\/2016\/04\/galeria_caiac_neteja_03.jpg","datePublished":"2025-02-13T09:55:58+00:00","dateModified":"2025-02-13T10:11:57+00:00","author":{"@id":"https:\/\/kayakingcostabrava.com\/#\/schema\/person\/43e236f0fcf071f3ffd27660a31c57dd"},"breadcrumb":{"@id":"https:\/\/kayakingcostabrava.com\/fr\/engagement-envers-la-durabilite-chez-kayaking-costa-brava\/#breadcrumb"},"inLanguage":"fr-FR","potentialAction":[{"@type":"ReadAction","target":["https:\/\/kayakingcostabrava.com\/fr\/engagement-envers-la-durabilite-chez-kayaking-costa-brava\/"]}]},{"@type":"ImageObject","inLanguage":"fr-FR","@id":"https:\/\/kayakingcostabrava.com\/fr\/engagement-envers-la-durabilite-chez-kayaking-costa-brava\/#primaryimage","url":"https:\/\/kayakingcostabrava-b4f9.kxcdn.com\/wp-content\/uploads\/2016\/04\/galeria_caiac_neteja_03.jpg","contentUrl":"https:\/\/kayakingcostabrava-b4f9.kxcdn.com\/wp-content\/uploads\/2016\/04\/galeria_caiac_neteja_03.jpg","width":800,"height":500},{"@type":"BreadcrumbList","@id":"https:\/\/kayakingcostabrava.com\/fr\/engagement-envers-la-durabilite-chez-kayaking-costa-brava\/#breadcrumb","itemListElement":[{"@type":"ListItem","position":1,"name":"Inici","item":"https:\/\/kayakingcostabrava.com\/fr\/"},{"@type":"ListItem","position":2,"name":"Engagement envers la Durabilit\u00e9 chez Kayaking Costa Brava"}]},{"@type":"WebSite","@id":"https:\/\/kayakingcostabrava.com\/#website","url":"https:\/\/kayakingcostabrava.com\/","name":"Kayaking Costa Brava","description":"Lloguer de caiacs, excursions, cursos, tenda online.","potentialAction":[{"@type":"SearchAction","target":{"@type":"EntryPoint","urlTemplate":"https:\/\/kayakingcostabrava.com\/?s={search_term_string}"},"query-input":{"@type":"PropertyValueSpecification","valueRequired":true,"valueName":"search_term_string"}}],"inLanguage":"fr-FR"},{"@type":"Person","@id":"https:\/\/kayakingcostabrava.com\/#\/schema\/person\/43e236f0fcf071f3ffd27660a31c57dd","name":"Kayaking Costa Brava","image":{"@type":"ImageObject","inLanguage":"fr-FR","@id":"https:\/\/kayakingcostabrava.com\/#\/schema\/person\/image\/","url":"https:\/\/secure.gravatar.com\/avatar\/c8ca853c0cdac549408e9cbe2e6bc97b4ef986b092dce9e503cce60dacfbedbb?s=96&d=mm&r=g","contentUrl":"https:\/\/secure.gravatar.com\/avatar\/c8ca853c0cdac549408e9cbe2e6bc97b4ef986b092dce9e503cce60dacfbedbb?s=96&d=mm&r=g","caption":"Kayaking Costa Brava"},"sameAs":["https:\/\/www.kayakingcostabrava.com"],"url":"https:\/\/kayakingcostabrava.com\/fr\/author\/kayaking\/"}]}},"_links":{"self":[{"href":"https:\/\/kayakingcostabrava.com\/fr\/wp-json\/wp\/v2\/posts\/10948","targetHints":{"allow":["GET"]}}],"collection":[{"href":"https:\/\/kayakingcostabrava.com\/fr\/wp-json\/wp\/v2\/posts"}],"about":[{"href":"https:\/\/kayakingcostabrava.com\/fr\/wp-json\/wp\/v2\/types\/post"}],"author":[{"embeddable":true,"href":"https:\/\/kayakingcostabrava.com\/fr\/wp-json\/wp\/v2\/users\/2"}],"replies":[{"embeddable":true,"href":"https:\/\/kayakingcostabrava.com\/fr\/wp-json\/wp\/v2\/comments?post=10948"}],"version-history":[{"count":2,"href":"https:\/\/kayakingcostabrava.com\/fr\/wp-json\/wp\/v2\/posts\/10948\/revisions"}],"predecessor-version":[{"id":10951,"href":"https:\/\/kayakingcostabrava.com\/fr\/wp-json\/wp\/v2\/posts\/10948\/revisions\/10951"}],"wp:featuredmedia":[{"embeddable":true,"href":"https:\/\/kayakingcostabrava.com\/fr\/wp-json\/wp\/v2\/media\/1767"}],"wp:attachment":[{"href":"https:\/\/kayakingcostabrava.com\/fr\/wp-json\/wp\/v2\/media?parent=10948"}],"wp:term":[{"taxonomy":"category","embeddable":true,"href":"https:\/\/kayakingcostabrava.com\/fr\/wp-json\/wp\/v2\/categories?post=10948"},{"taxonomy":"post_tag","embeddable":true,"href":"https:\/\/kayakingcostabrava.com\/fr\/wp-json\/wp\/v2\/tags?post=10948"}],"curies":[{"name":"wp","href":"https:\/\/api.w.org\/{rel}","templated":true}]}}